{"id":1408,"date":"2026-04-26T12:53:57","date_gmt":"2026-04-26T10:53:57","guid":{"rendered":"https:\/\/fahnenschwinger.de\/htmlwordpress\/?p=1408"},"modified":"2026-04-26T13:08:22","modified_gmt":"2026-04-26T11:08:22","slug":"jahreshauptversammlung-2026","status":"publish","type":"post","link":"https:\/\/fahnenschwinger.de\/htmlwordpress\/2026\/04\/26\/jahreshauptversammlung-2026\/","title":{"rendered":"Jahreshauptversammlung 2026"},"content":{"rendered":"\n<p>Bei herrlichem Fr\u00fchsommerwetter fand am 25. April 2026 die Jahreshauptversammlung des DFV in M\u00fchlhausen statt.<\/p>\n\n\n\n<p>Im Vereinsheim des <a href=\"https:\/\/www.facebook.com\/KraichgauFanfarenzug?__cft__[0]=AZa4kz4jbIGibH64jVZ3qNisWrpOVmPhCR0IGfh5QQmos1UtkO1Nu96PkIG7MQysPxUOWgen7wCllGSmcbCbGEoUavh5fBqC3BCk3uCGX7-jMfq6D2GUAaFvs8Lr78qOkX1AdsJYynZikuhFA0Z3n1TN0zKa6Fv-DZmWtMAOpLWLVgMKQHKsTuILMUyRLvbps6Q&amp;__tn__=-]K-R\">Kraichgau Fanfarenzug M\u00fchlhausen 1956 e.V.<\/a> begr\u00fc\u00dfte der Pr\u00e4sident Michael Kriescher die zahlreichen Delegierten der Mitgliedsvereine.<\/p>\n\n\n\n<p>Der Vorstand zog eine positive Bilanz f\u00fcr das Gesch\u00e4ftsjahr 2025 und wurde einstimmig durch die Versammlung entlastet.<\/p>\n\n\n\n<p>F\u00fcr ihre 10 und 20 j\u00e4hrige Mitgliedschaft konnte der Pr\u00e4sident zahlreiche Mitglieder auszeichnen.<\/p>\n\n\n\n<p>F\u00fcr ihre langj\u00e4hrige Vorstandsarbeit im DFV und ihre Verdienste rund um das Fahnenschwingen wurde Lisa Meroth zum Ehrenmitglied gew\u00e4hlt.<\/p>\n\n\n\n<p>Nach vielen Jahren Vorstandsarbeit schied Lisa im letzten Jahr auf eigenem Wunsch aus dem Vorstand aus.<\/p>\n\n\n\n<p>Als Dank und Anerkennung f\u00fcr die geleistete Arbeit wird sie zum Ehren &#8211; Fachreferenten f\u00fcr das Fahnenschwingen ernannt.<\/p>\n\n\n\n<p>Als weitere Themen der JHV standen u. a. auf der Tagesordnung: Termine, \u00dcberarbeitung der Gesch\u00e4ftsordnung und der WettkampfDVO<\/p>\n\n\n\n<p>Der Pr\u00e4sident bedankte sich bei den Teilnehmern der JHV und w\u00fcnschte allen einen gute Heimfahrt.<\/p>\n\n\n\n<p>Bedanken m\u00f6chten wir uns beim <a href=\"https:\/\/www.facebook.com\/KraichgauFanfarenzug?__cft__[0]=AZa4kz4jbIGibH64jVZ3qNisWrpOVmPhCR0IGfh5QQmos1UtkO1Nu96PkIG7MQysPxUOWgen7wCllGSmcbCbGEoUavh5fBqC3BCk3uCGX7-jMfq6D2GUAaFvs8Lr78qOkX1AdsJYynZikuhFA0Z3n1TN0zKa6Fv-DZmWtMAOpLWLVgMKQHKsTuILMUyRLvbps6Q&amp;__tn__=-]K-R\">Kraichgau Fanfarenzug M\u00fchlhausen 1956 e.V.<\/a> f\u00fcr die Gastfreundschaft.<\/p>\n\n\n\n<figure class=\"wp-block-gallery has-nested-images columns-default is-cropped wp-block-gallery-1 is-layout-flex wp-block-gallery-is-layout-flex\">\n<figure class=\"wp-block-image size-large\"><img loading=\"lazy\" decoding=\"async\" width=\"1024\" height=\"683\" data-id=\"1421\" src=\"https:\/\/fahnenschwinger.de\/htmlwordpress\/wp-content\/uploads\/2026\/04\/JHV1-4-1024x683.jpg\" alt=\"\" class=\"wp-image-1421\" srcset=\"https:\/\/fahnenschwinger.de\/htmlwordpress\/wp-content\/uploads\/2026\/04\/JHV1-4-1024x683.jpg 1024w, https:\/\/fahnenschwinger.de\/htmlwordpress\/wp-content\/uploads\/2026\/04\/JHV1-4-300x200.jpg 300w, https:\/\/fahnenschwinger.de\/htmlwordpress\/wp-content\/uploads\/2026\/04\/JHV1-4-768x512.jpg 768w, https:\/\/fahnenschwinger.de\/htmlwordpress\/wp-content\/uploads\/2026\/04\/JHV1-4-1536x1024.jpg 1536w\" sizes=\"auto, (max-width: 1024px) 100vw, 1024px\" \/><figcaption class=\"wp-element-caption\">JHV 2026<\/figcaption><\/figure>\n\n\n\n<figure class=\"wp-block-image size-large\"><img loading=\"lazy\" decoding=\"async\" width=\"1024\" height=\"842\" data-id=\"1415\" src=\"https:\/\/fahnenschwinger.de\/htmlwordpress\/wp-content\/uploads\/2026\/04\/JHV2-1-1024x842.jpg\" alt=\"\" class=\"wp-image-1415\" srcset=\"https:\/\/fahnenschwinger.de\/htmlwordpress\/wp-content\/uploads\/2026\/04\/JHV2-1-1024x842.jpg 1024w, https:\/\/fahnenschwinger.de\/htmlwordpress\/wp-content\/uploads\/2026\/04\/JHV2-1-300x247.jpg 300w, https:\/\/fahnenschwinger.de\/htmlwordpress\/wp-content\/uploads\/2026\/04\/JHV2-1-768x632.jpg 768w\" sizes=\"auto, (max-width: 1024px) 100vw, 1024px\" \/><figcaption class=\"wp-element-caption\">JHV 2026<\/figcaption><\/figure>\n\n\n\n<figure class=\"wp-block-image size-large\"><img loading=\"lazy\" decoding=\"async\" width=\"1024\" height=\"683\" data-id=\"1416\" src=\"https:\/\/fahnenschwinger.de\/htmlwordpress\/wp-content\/uploads\/2026\/04\/JHV3-1-1024x683.jpg\" alt=\"\" class=\"wp-image-1416\" srcset=\"https:\/\/fahnenschwinger.de\/htmlwordpress\/wp-content\/uploads\/2026\/04\/JHV3-1-1024x683.jpg 1024w, https:\/\/fahnenschwinger.de\/htmlwordpress\/wp-content\/uploads\/2026\/04\/JHV3-1-300x200.jpg 300w, https:\/\/fahnenschwinger.de\/htmlwordpress\/wp-content\/uploads\/2026\/04\/JHV3-1-768x512.jpg 768w, https:\/\/fahnenschwinger.de\/htmlwordpress\/wp-content\/uploads\/2026\/04\/JHV3-1-1536x1024.jpg 1536w\" sizes=\"auto, (max-width: 1024px) 100vw, 1024px\" \/><figcaption class=\"wp-element-caption\">Ehrungen f\u00fcr 10 und 20 j\u00e4hrige Mitgliedschaft<\/figcaption><\/figure>\n\n\n\n<figure class=\"wp-block-image size-large\"><img loading=\"lazy\" decoding=\"async\" width=\"1024\" height=\"683\" data-id=\"1410\" src=\"https:\/\/fahnenschwinger.de\/htmlwordpress\/wp-content\/uploads\/2026\/04\/JHV4-1024x683.jpg\" alt=\"\" class=\"wp-image-1410\" srcset=\"https:\/\/fahnenschwinger.de\/htmlwordpress\/wp-content\/uploads\/2026\/04\/JHV4-1024x683.jpg 1024w, https:\/\/fahnenschwinger.de\/htmlwordpress\/wp-content\/uploads\/2026\/04\/JHV4-300x200.jpg 300w, https:\/\/fahnenschwinger.de\/htmlwordpress\/wp-content\/uploads\/2026\/04\/JHV4-768x512.jpg 768w, https:\/\/fahnenschwinger.de\/htmlwordpress\/wp-content\/uploads\/2026\/04\/JHV4-1536x1024.jpg 1536w, https:\/\/fahnenschwinger.de\/htmlwordpress\/wp-content\/uploads\/2026\/04\/JHV4-2048x1365.jpg 2048w, https:\/\/fahnenschwinger.de\/htmlwordpress\/wp-content\/uploads\/2026\/04\/JHV4-450x300.jpg 450w\" sizes=\"auto, (max-width: 1024px) 100vw, 1024px\" \/><figcaption class=\"wp-element-caption\">Gruppenfoto Teilnehmer<\/figcaption><\/figure>\n\n\n\n<figure class=\"wp-block-image size-large\"><img loading=\"lazy\" decoding=\"async\" width=\"1024\" height=\"683\" data-id=\"1413\" src=\"https:\/\/fahnenschwinger.de\/htmlwordpress\/wp-content\/uploads\/2026\/04\/JHV5-1024x683.jpg\" alt=\"\" class=\"wp-image-1413\" srcset=\"https:\/\/fahnenschwinger.de\/htmlwordpress\/wp-content\/uploads\/2026\/04\/JHV5-1024x683.jpg 1024w, https:\/\/fahnenschwinger.de\/htmlwordpress\/wp-content\/uploads\/2026\/04\/JHV5-300x200.jpg 300w, https:\/\/fahnenschwinger.de\/htmlwordpress\/wp-content\/uploads\/2026\/04\/JHV5-768x512.jpg 768w, https:\/\/fahnenschwinger.de\/htmlwordpress\/wp-content\/uploads\/2026\/04\/JHV5-1536x1024.jpg 1536w\" sizes=\"auto, (max-width: 1024px) 100vw, 1024px\" \/><figcaption class=\"wp-element-caption\">Herzlichen Gl\u00fcckwunsch zur Ehrenmitgliedschaft<\/figcaption><\/figure>\n<\/figure>\n","protected":false},"excerpt":{"rendered":"<p>Bei herrlichem Fr\u00fchsommerwetter fand am 25. April 2026 die Jahreshauptversammlung des DFV in M\u00fchlhausen statt. Im Vereinsheim des Kraichgau Fanfarenzug M\u00fchlhausen 1956 e.V. begr\u00fc\u00dfte der Pr\u00e4sident Michael Kriescher die zahlreichen Delegierten der Mitgliedsvereine. Der Vorstand zog eine positive Bilanz f\u00fcr &hellip; <a href=\"https:\/\/fahnenschwinger.de\/htmlwordpress\/2026\/04\/26\/jahreshauptversammlung-2026\/\">Weiterlesen <span class=\"meta-nav\">&rarr;<\/span><\/a><\/p>\n","protected":false},"author":1,"featured_media":0,"comment_status":"closed","ping_status":"open","sticky":false,"template":"","format":"standard","meta":{"footnotes":""},"categories":[1],"tags":[],"class_list":["post-1408","post","type-post","status-publish","format-standard","hentry","category-allgemein"],"_links":{"self":[{"href":"https:\/\/fahnenschwinger.de\/htmlwordpress\/wp-json\/wp\/v2\/posts\/1408","targetHints":{"allow":["GET"]}}],"collection":[{"href":"https:\/\/fahnenschwinger.de\/htmlwordpress\/wp-json\/wp\/v2\/posts"}],"about":[{"href":"https:\/\/fahnenschwinger.de\/htmlwordpress\/wp-json\/wp\/v2\/types\/post"}],"author":[{"embeddable":true,"href":"https:\/\/fahnenschwinger.de\/htmlwordpress\/wp-json\/wp\/v2\/users\/1"}],"replies":[{"embeddable":true,"href":"https:\/\/fahnenschwinger.de\/htmlwordpress\/wp-json\/wp\/v2\/comments?post=1408"}],"version-history":[{"count":4,"href":"https:\/\/fahnenschwinger.de\/htmlwordpress\/wp-json\/wp\/v2\/posts\/1408\/revisions"}],"predecessor-version":[{"id":1424,"href":"https:\/\/fahnenschwinger.de\/htmlwordpress\/wp-json\/wp\/v2\/posts\/1408\/revisions\/1424"}],"wp:attachment":[{"href":"https:\/\/fahnenschwinger.de\/htmlwordpress\/wp-json\/wp\/v2\/media?parent=1408"}],"wp:term":[{"taxonomy":"category","embeddable":true,"href":"https:\/\/fahnenschwinger.de\/htmlwordpress\/wp-json\/wp\/v2\/categories?post=1408"},{"taxonomy":"post_tag","embeddable":true,"href":"https:\/\/fahnenschwinger.de\/htmlwordpress\/wp-json\/wp\/v2\/tags?post=1408"}],"curies":[{"name":"wp","href":"https:\/\/api.w.org\/{rel}","templated":true}]}}