{"id":1249,"date":"2024-07-28T11:41:46","date_gmt":"2024-07-28T09:41:46","guid":{"rendered":"https:\/\/fahnenschwinger.de\/htmlwordpress\/?p=1249"},"modified":"2025-01-08T14:34:48","modified_gmt":"2025-01-08T13:34:48","slug":"10-jahre-carta-bibbiena","status":"publish","type":"post","link":"https:\/\/fahnenschwinger.de\/htmlwordpress\/2024\/07\/28\/10-jahre-carta-bibbiena\/","title":{"rendered":"10 Jahre Carta Bibbiena"},"content":{"rendered":"\n<p>10 Jahre  Carta di Bibbiena und Carta di Bibbiena (Europa).<br>Am 27. Juli 2014 trafen sich in Bibbiena Vertreter des DFV, des LFBW, der <br>Lisb und der Fisb. Als Ergebnis ihres Treffens verabschiedeten sie die Carta Bibbiena.<\/p>\n\n\n\n<p><\/p>\n\n\n\n<p>Ein Meilenstein auf dem Weg zu einem europ\u00e4ischen Verband.<\/p>\n\n\n\n<p>Wir gratulieren herzlich zum 10 j\u00e4hrigen Jubil\u00e4um. Ein besonderer Dank an Gerhard Schlaich f\u00fcr seine geleistete Arbeit rund um das Fahnenschwingen in Deutschland und Europa. Du bleibst unvergessen.<\/p>\n\n\n\n<figure class=\"wp-block-image size-large\"><img loading=\"lazy\" decoding=\"async\" width=\"768\" height=\"1024\" src=\"https:\/\/fahnenschwinger.de\/htmlwordpress\/wp-content\/uploads\/2024\/07\/Bild-1-768x1024.jpg\" alt=\"\" class=\"wp-image-1250\" srcset=\"https:\/\/fahnenschwinger.de\/htmlwordpress\/wp-content\/uploads\/2024\/07\/Bild-1-768x1024.jpg 768w, https:\/\/fahnenschwinger.de\/htmlwordpress\/wp-content\/uploads\/2024\/07\/Bild-1-225x300.jpg 225w, https:\/\/fahnenschwinger.de\/htmlwordpress\/wp-content\/uploads\/2024\/07\/Bild-1-1152x1536.jpg 1152w, https:\/\/fahnenschwinger.de\/htmlwordpress\/wp-content\/uploads\/2024\/07\/Bild-1.jpg 1536w\" sizes=\"auto, (max-width: 768px) 100vw, 768px\" \/><\/figure>\n\n\n\n<figure class=\"wp-block-image size-large\"><img loading=\"lazy\" decoding=\"async\" width=\"1024\" height=\"768\" src=\"https:\/\/fahnenschwinger.de\/htmlwordpress\/wp-content\/uploads\/2024\/07\/Bild-3-1024x768.jpg\" alt=\"\" class=\"wp-image-1252\" srcset=\"https:\/\/fahnenschwinger.de\/htmlwordpress\/wp-content\/uploads\/2024\/07\/Bild-3-1024x768.jpg 1024w, https:\/\/fahnenschwinger.de\/htmlwordpress\/wp-content\/uploads\/2024\/07\/Bild-3-300x225.jpg 300w, https:\/\/fahnenschwinger.de\/htmlwordpress\/wp-content\/uploads\/2024\/07\/Bild-3-768x576.jpg 768w, https:\/\/fahnenschwinger.de\/htmlwordpress\/wp-content\/uploads\/2024\/07\/Bild-3-1536x1152.jpg 1536w, https:\/\/fahnenschwinger.de\/htmlwordpress\/wp-content\/uploads\/2024\/07\/Bild-3-400x300.jpg 400w, https:\/\/fahnenschwinger.de\/htmlwordpress\/wp-content\/uploads\/2024\/07\/Bild-3.jpg 2048w\" sizes=\"auto, (max-width: 1024px) 100vw, 1024px\" \/><\/figure>\n","protected":false},"excerpt":{"rendered":"<p>10 Jahre Carta di Bibbiena und Carta di Bibbiena (Europa).Am 27. Juli 2014 trafen sich in Bibbiena Vertreter des DFV, des LFBW, der Lisb und der Fisb. Als Ergebnis ihres Treffens verabschiedeten sie die Carta Bibbiena. Ein Meilenstein auf dem &hellip; <a href=\"https:\/\/fahnenschwinger.de\/htmlwordpress\/2024\/07\/28\/10-jahre-carta-bibbiena\/\">Weiterlesen <span class=\"meta-nav\">&rarr;<\/span><\/a><\/p>\n","protected":false},"author":1,"featured_media":0,"comment_status":"closed","ping_status":"open","sticky":false,"template":"","format":"standard","meta":{"footnotes":""},"categories":[1],"tags":[],"class_list":["post-1249","post","type-post","status-publish","format-standard","hentry","category-allgemein"],"_links":{"self":[{"href":"https:\/\/fahnenschwinger.de\/htmlwordpress\/wp-json\/wp\/v2\/posts\/1249","targetHints":{"allow":["GET"]}}],"collection":[{"href":"https:\/\/fahnenschwinger.de\/htmlwordpress\/wp-json\/wp\/v2\/posts"}],"about":[{"href":"https:\/\/fahnenschwinger.de\/htmlwordpress\/wp-json\/wp\/v2\/types\/post"}],"author":[{"embeddable":true,"href":"https:\/\/fahnenschwinger.de\/htmlwordpress\/wp-json\/wp\/v2\/users\/1"}],"replies":[{"embeddable":true,"href":"https:\/\/fahnenschwinger.de\/htmlwordpress\/wp-json\/wp\/v2\/comments?post=1249"}],"version-history":[{"count":2,"href":"https:\/\/fahnenschwinger.de\/htmlwordpress\/wp-json\/wp\/v2\/posts\/1249\/revisions"}],"predecessor-version":[{"id":1272,"href":"https:\/\/fahnenschwinger.de\/htmlwordpress\/wp-json\/wp\/v2\/posts\/1249\/revisions\/1272"}],"wp:attachment":[{"href":"https:\/\/fahnenschwinger.de\/htmlwordpress\/wp-json\/wp\/v2\/media?parent=1249"}],"wp:term":[{"taxonomy":"category","embeddable":true,"href":"https:\/\/fahnenschwinger.de\/htmlwordpress\/wp-json\/wp\/v2\/categories?post=1249"},{"taxonomy":"post_tag","embeddable":true,"href":"https:\/\/fahnenschwinger.de\/htmlwordpress\/wp-json\/wp\/v2\/tags?post=1249"}],"curies":[{"name":"wp","href":"https:\/\/api.w.org\/{rel}","templated":true}]}}